{"id":1837,"date":"2024-06-14T16:51:05","date_gmt":"2024-06-14T14:51:05","guid":{"rendered":"https:\/\/www.zuckersuess-regensburg.de\/?p=1837"},"modified":"2026-02-03T13:05:43","modified_gmt":"2026-02-03T11:05:43","slug":"endlich-ist-unser-neuer-alexandrit-laser-da","status":"publish","type":"post","link":"https:\/\/www.zuckersuess-regensburg.de\/?p=1837","title":{"rendered":"Endlich ist unser neuer Alexandrit Laser da!"},"content":{"rendered":"<p>Wir freuen uns sehr, euch unseren Alexandritlaser Motus AX von Deka vorstellen zu d\u00fcrfen.<br \/>Endlich k\u00f6nnen auch hellere, feine und sehr tiefliegende Haare schnell und effektiv entfernt werden.<br \/>V\u00f6llig schmerzfrei ist er auch f\u00fcr sensible Stellen oder empfindliche Haut geeignet. Die Wirksamkeit ist durch klinische Studien erwiesen.<\/p>\n<p>Gerne beraten wir Sie ausf\u00fchrlich. Bitte buchen Sie dazu einen kostenlosen Beratungstermin \u00fcber unser Onlinesystem oder rufen Sie uns unter 0941\/89981129 an.<\/p>\n\n\n<figure class=\"wp-block-image size-full\"><a href=\"https:\/\/www.zuckersuess-regensburg.de\/wp-content\/uploads\/motus.ax_.jpg\"><img decoding=\"async\" src=\"data:image\/gif;base64,R0lGODlhAQABAAAAACH5BAEKAAEALAAAAAABAAEAAAICTAEAOw==\" data-layzr=\"https:\/\/www.zuckersuess-regensburg.de\/wp-content\/uploads\/motus.ax_.jpg\" alt=\"\" class=\"wp-image-1840\"\/><\/a><\/figure>\n","protected":false},"excerpt":{"rendered":"<p>Wir freuen uns sehr, euch unseren Alexandritlaser Motus AX von Deka vorstellen zu d\u00fcrfen.Endlich k\u00f6nnen auch hellere, feine und sehr tiefliegende Haare schnell und effektiv &hellip; <\/p>\n","protected":false},"author":1,"featured_media":1840,"comment_status":"closed","ping_status":"closed","sticky":false,"template":"","format":"standard","meta":{"footnotes":""},"categories":[1],"tags":[135,132,136,131,130,134],"class_list":["post-1837","post","type-post","status-publish","format-standard","has-post-thumbnail","hentry","category-allgemein","tag-alexandrit","tag-dauerhafte-haarentfernung-regensburg-laser-hair-emoval","tag-diodenlaser","tag-laser-regensburg","tag-laserhaarentfernung","tag-motus-ax","latest_post"],"yoast_head":"<!-- This site is optimized with the Yoast SEO plugin v27.5 - https:\/\/yoast.com\/product\/yoast-seo-wordpress\/ -->\n<title>Endlich ist unser neuer Alexandrit Laser da! - Haarlos Sch\u00f6n Regensburg<\/title>\n<meta name=\"robots\" content=\"index, follow, max-snippet:-1, max-image-preview:large, max-video-preview:-1\" \/>\n<link rel=\"canonical\" href=\"https:\/\/www.zuckersuess-regensburg.de\/?p=1837\" \/>\n<meta property=\"og:locale\" content=\"de_DE\" \/>\n<meta property=\"og:type\" content=\"article\" \/>\n<meta property=\"og:title\" content=\"Endlich ist unser neuer Alexandrit Laser da! - Haarlos Sch\u00f6n Regensburg\" \/>\n<meta property=\"og:description\" content=\"Wir freuen uns sehr, euch unseren Alexandritlaser Motus AX von Deka vorstellen zu d\u00fcrfen.Endlich k\u00f6nnen auch hellere, feine und sehr tiefliegende Haare schnell und effektiv &hellip;\" \/>\n<meta property=\"og:url\" content=\"https:\/\/www.zuckersuess-regensburg.de\/?p=1837\" \/>\n<meta property=\"og:site_name\" content=\"Haarlos Sch\u00f6n Regensburg\" \/>\n<meta property=\"article:published_time\" content=\"2024-06-14T14:51:05+00:00\" \/>\n<meta property=\"article:modified_time\" content=\"2026-02-03T11:05:43+00:00\" \/>\n<meta property=\"og:image\" content=\"https:\/\/www.zuckersuess-regensburg.de\/wp-content\/uploads\/motus.ax_.jpg\" \/>\n\t<meta property=\"og:image:width\" content=\"275\" \/>\n\t<meta property=\"og:image:height\" content=\"183\" \/>\n\t<meta property=\"og:image:type\" content=\"image\/jpeg\" \/>\n<meta name=\"author\" content=\"miniconny\" \/>\n<meta name=\"twitter:label1\" content=\"Verfasst von\" \/>\n\t<meta name=\"twitter:data1\" content=\"miniconny\" \/>\n\t<meta name=\"twitter:label2\" content=\"Gesch\u00e4tzte Lesezeit\" \/>\n\t<meta name=\"twitter:data2\" content=\"1\u00a0Minute\" \/>\n<script type=\"application\/ld+json\" class=\"yoast-schema-graph\">{\"@context\":\"https:\\\/\\\/schema.org\",\"@graph\":[{\"@type\":\"Article\",\"@id\":\"https:\\\/\\\/www.zuckersuess-regensburg.de\\\/?p=1837#article\",\"isPartOf\":{\"@id\":\"https:\\\/\\\/www.zuckersuess-regensburg.de\\\/?p=1837\"},\"author\":{\"name\":\"miniconny\",\"@id\":\"https:\\\/\\\/www.zuckersuess-regensburg.de\\\/#\\\/schema\\\/person\\\/898339a3de616e1d0cf71c200fdb16bc\"},\"headline\":\"Endlich ist unser neuer Alexandrit Laser da!\",\"datePublished\":\"2024-06-14T14:51:05+00:00\",\"dateModified\":\"2026-02-03T11:05:43+00:00\",\"mainEntityOfPage\":{\"@id\":\"https:\\\/\\\/www.zuckersuess-regensburg.de\\\/?p=1837\"},\"wordCount\":80,\"publisher\":{\"@id\":\"https:\\\/\\\/www.zuckersuess-regensburg.de\\\/#organization\"},\"image\":{\"@id\":\"https:\\\/\\\/www.zuckersuess-regensburg.de\\\/?p=1837#primaryimage\"},\"thumbnailUrl\":\"https:\\\/\\\/www.zuckersuess-regensburg.de\\\/wp-content\\\/uploads\\\/motus.ax_.jpg\",\"keywords\":[\"Alexandrit\",\"dauerhafte haarentfernung regensburg laser hair emoval\",\"diodenlaser\",\"Laser Regensburg\",\"Laserhaarentfernung\",\"Motus AX\"],\"inLanguage\":\"de\"},{\"@type\":\"WebPage\",\"@id\":\"https:\\\/\\\/www.zuckersuess-regensburg.de\\\/?p=1837\",\"url\":\"https:\\\/\\\/www.zuckersuess-regensburg.de\\\/?p=1837\",\"name\":\"Endlich ist unser neuer Alexandrit Laser da! - Haarlos Sch\u00f6n Regensburg\",\"isPartOf\":{\"@id\":\"https:\\\/\\\/www.zuckersuess-regensburg.de\\\/#website\"},\"primaryImageOfPage\":{\"@id\":\"https:\\\/\\\/www.zuckersuess-regensburg.de\\\/?p=1837#primaryimage\"},\"image\":{\"@id\":\"https:\\\/\\\/www.zuckersuess-regensburg.de\\\/?p=1837#primaryimage\"},\"thumbnailUrl\":\"https:\\\/\\\/www.zuckersuess-regensburg.de\\\/wp-content\\\/uploads\\\/motus.ax_.jpg\",\"datePublished\":\"2024-06-14T14:51:05+00:00\",\"dateModified\":\"2026-02-03T11:05:43+00:00\",\"breadcrumb\":{\"@id\":\"https:\\\/\\\/www.zuckersuess-regensburg.de\\\/?p=1837#breadcrumb\"},\"inLanguage\":\"de\",\"potentialAction\":[{\"@type\":\"ReadAction\",\"target\":[\"https:\\\/\\\/www.zuckersuess-regensburg.de\\\/?p=1837\"]}]},{\"@type\":\"ImageObject\",\"inLanguage\":\"de\",\"@id\":\"https:\\\/\\\/www.zuckersuess-regensburg.de\\\/?p=1837#primaryimage\",\"url\":\"https:\\\/\\\/www.zuckersuess-regensburg.de\\\/wp-content\\\/uploads\\\/motus.ax_.jpg\",\"contentUrl\":\"https:\\\/\\\/www.zuckersuess-regensburg.de\\\/wp-content\\\/uploads\\\/motus.ax_.jpg\",\"width\":275,\"height\":183},{\"@type\":\"BreadcrumbList\",\"@id\":\"https:\\\/\\\/www.zuckersuess-regensburg.de\\\/?p=1837#breadcrumb\",\"itemListElement\":[{\"@type\":\"ListItem\",\"position\":1,\"name\":\"Home\",\"item\":\"https:\\\/\\\/www.zuckersuess-regensburg.de\\\/\"},{\"@type\":\"ListItem\",\"position\":2,\"name\":\"Endlich ist unser neuer Alexandrit Laser da!\"}]},{\"@type\":\"WebSite\",\"@id\":\"https:\\\/\\\/www.zuckersuess-regensburg.de\\\/#website\",\"url\":\"https:\\\/\\\/www.zuckersuess-regensburg.de\\\/\",\"name\":\"Haarlos Sch\u00f6n Regensburg\",\"description\":\"Professionelle Enthaarungen mit modernster Lasertechnik, Elektroepilation und Wachs\",\"publisher\":{\"@id\":\"https:\\\/\\\/www.zuckersuess-regensburg.de\\\/#organization\"},\"potentialAction\":[{\"@type\":\"SearchAction\",\"target\":{\"@type\":\"EntryPoint\",\"urlTemplate\":\"https:\\\/\\\/www.zuckersuess-regensburg.de\\\/?s={search_term_string}\"},\"query-input\":{\"@type\":\"PropertyValueSpecification\",\"valueRequired\":true,\"valueName\":\"search_term_string\"}}],\"inLanguage\":\"de\"},{\"@type\":\"Organization\",\"@id\":\"https:\\\/\\\/www.zuckersuess-regensburg.de\\\/#organization\",\"name\":\"Haarlos Sch\u00f6n Regensburg\",\"url\":\"https:\\\/\\\/www.zuckersuess-regensburg.de\\\/\",\"logo\":{\"@type\":\"ImageObject\",\"inLanguage\":\"de\",\"@id\":\"https:\\\/\\\/www.zuckersuess-regensburg.de\\\/#\\\/schema\\\/logo\\\/image\\\/\",\"url\":\"https:\\\/\\\/www.zuckersuess-regensburg.de\\\/wp-content\\\/uploads\\\/logo_72_333333-2.png\",\"contentUrl\":\"https:\\\/\\\/www.zuckersuess-regensburg.de\\\/wp-content\\\/uploads\\\/logo_72_333333-2.png\",\"width\":596,\"height\":243,\"caption\":\"Haarlos Sch\u00f6n Regensburg\"},\"image\":{\"@id\":\"https:\\\/\\\/www.zuckersuess-regensburg.de\\\/#\\\/schema\\\/logo\\\/image\\\/\"}},{\"@type\":\"Person\",\"@id\":\"https:\\\/\\\/www.zuckersuess-regensburg.de\\\/#\\\/schema\\\/person\\\/898339a3de616e1d0cf71c200fdb16bc\",\"name\":\"miniconny\",\"image\":{\"@type\":\"ImageObject\",\"inLanguage\":\"de\",\"@id\":\"https:\\\/\\\/secure.gravatar.com\\\/avatar\\\/9732963f50a462637100cfc511ed2abee1928f087da9f0f33d73298b05dd0adc?s=96&d=blank&r=g\",\"url\":\"https:\\\/\\\/secure.gravatar.com\\\/avatar\\\/9732963f50a462637100cfc511ed2abee1928f087da9f0f33d73298b05dd0adc?s=96&d=blank&r=g\",\"contentUrl\":\"https:\\\/\\\/secure.gravatar.com\\\/avatar\\\/9732963f50a462637100cfc511ed2abee1928f087da9f0f33d73298b05dd0adc?s=96&d=blank&r=g\",\"caption\":\"miniconny\"},\"url\":\"https:\\\/\\\/www.zuckersuess-regensburg.de\\\/?author=1\"}]}<\/script>\n<!-- \/ Yoast SEO plugin. -->","yoast_head_json":{"title":"Endlich ist unser neuer Alexandrit Laser da! - Haarlos Sch\u00f6n Regensburg","robots":{"index":"index","follow":"follow","max-snippet":"max-snippet:-1","max-image-preview":"max-image-preview:large","max-video-preview":"max-video-preview:-1"},"canonical":"https:\/\/www.zuckersuess-regensburg.de\/?p=1837","og_locale":"de_DE","og_type":"article","og_title":"Endlich ist unser neuer Alexandrit Laser da! - Haarlos Sch\u00f6n Regensburg","og_description":"Wir freuen uns sehr, euch unseren Alexandritlaser Motus AX von Deka vorstellen zu d\u00fcrfen.Endlich k\u00f6nnen auch hellere, feine und sehr tiefliegende Haare schnell und effektiv &hellip;","og_url":"https:\/\/www.zuckersuess-regensburg.de\/?p=1837","og_site_name":"Haarlos Sch\u00f6n Regensburg","article_published_time":"2024-06-14T14:51:05+00:00","article_modified_time":"2026-02-03T11:05:43+00:00","og_image":[{"width":275,"height":183,"url":"https:\/\/www.zuckersuess-regensburg.de\/wp-content\/uploads\/motus.ax_.jpg","type":"image\/jpeg"}],"author":"miniconny","twitter_misc":{"Verfasst von":"miniconny","Gesch\u00e4tzte Lesezeit":"1\u00a0Minute"},"schema":{"@context":"https:\/\/schema.org","@graph":[{"@type":"Article","@id":"https:\/\/www.zuckersuess-regensburg.de\/?p=1837#article","isPartOf":{"@id":"https:\/\/www.zuckersuess-regensburg.de\/?p=1837"},"author":{"name":"miniconny","@id":"https:\/\/www.zuckersuess-regensburg.de\/#\/schema\/person\/898339a3de616e1d0cf71c200fdb16bc"},"headline":"Endlich ist unser neuer Alexandrit Laser da!","datePublished":"2024-06-14T14:51:05+00:00","dateModified":"2026-02-03T11:05:43+00:00","mainEntityOfPage":{"@id":"https:\/\/www.zuckersuess-regensburg.de\/?p=1837"},"wordCount":80,"publisher":{"@id":"https:\/\/www.zuckersuess-regensburg.de\/#organization"},"image":{"@id":"https:\/\/www.zuckersuess-regensburg.de\/?p=1837#primaryimage"},"thumbnailUrl":"https:\/\/www.zuckersuess-regensburg.de\/wp-content\/uploads\/motus.ax_.jpg","keywords":["Alexandrit","dauerhafte haarentfernung regensburg laser hair emoval","diodenlaser","Laser Regensburg","Laserhaarentfernung","Motus AX"],"inLanguage":"de"},{"@type":"WebPage","@id":"https:\/\/www.zuckersuess-regensburg.de\/?p=1837","url":"https:\/\/www.zuckersuess-regensburg.de\/?p=1837","name":"Endlich ist unser neuer Alexandrit Laser da! - Haarlos Sch\u00f6n Regensburg","isPartOf":{"@id":"https:\/\/www.zuckersuess-regensburg.de\/#website"},"primaryImageOfPage":{"@id":"https:\/\/www.zuckersuess-regensburg.de\/?p=1837#primaryimage"},"image":{"@id":"https:\/\/www.zuckersuess-regensburg.de\/?p=1837#primaryimage"},"thumbnailUrl":"https:\/\/www.zuckersuess-regensburg.de\/wp-content\/uploads\/motus.ax_.jpg","datePublished":"2024-06-14T14:51:05+00:00","dateModified":"2026-02-03T11:05:43+00:00","breadcrumb":{"@id":"https:\/\/www.zuckersuess-regensburg.de\/?p=1837#breadcrumb"},"inLanguage":"de","potentialAction":[{"@type":"ReadAction","target":["https:\/\/www.zuckersuess-regensburg.de\/?p=1837"]}]},{"@type":"ImageObject","inLanguage":"de","@id":"https:\/\/www.zuckersuess-regensburg.de\/?p=1837#primaryimage","url":"https:\/\/www.zuckersuess-regensburg.de\/wp-content\/uploads\/motus.ax_.jpg","contentUrl":"https:\/\/www.zuckersuess-regensburg.de\/wp-content\/uploads\/motus.ax_.jpg","width":275,"height":183},{"@type":"BreadcrumbList","@id":"https:\/\/www.zuckersuess-regensburg.de\/?p=1837#breadcrumb","itemListElement":[{"@type":"ListItem","position":1,"name":"Home","item":"https:\/\/www.zuckersuess-regensburg.de\/"},{"@type":"ListItem","position":2,"name":"Endlich ist unser neuer Alexandrit Laser da!"}]},{"@type":"WebSite","@id":"https:\/\/www.zuckersuess-regensburg.de\/#website","url":"https:\/\/www.zuckersuess-regensburg.de\/","name":"Haarlos Sch\u00f6n Regensburg","description":"Professionelle Enthaarungen mit modernster Lasertechnik, Elektroepilation und Wachs","publisher":{"@id":"https:\/\/www.zuckersuess-regensburg.de\/#organization"},"potentialAction":[{"@type":"SearchAction","target":{"@type":"EntryPoint","urlTemplate":"https:\/\/www.zuckersuess-regensburg.de\/?s={search_term_string}"},"query-input":{"@type":"PropertyValueSpecification","valueRequired":true,"valueName":"search_term_string"}}],"inLanguage":"de"},{"@type":"Organization","@id":"https:\/\/www.zuckersuess-regensburg.de\/#organization","name":"Haarlos Sch\u00f6n Regensburg","url":"https:\/\/www.zuckersuess-regensburg.de\/","logo":{"@type":"ImageObject","inLanguage":"de","@id":"https:\/\/www.zuckersuess-regensburg.de\/#\/schema\/logo\/image\/","url":"https:\/\/www.zuckersuess-regensburg.de\/wp-content\/uploads\/logo_72_333333-2.png","contentUrl":"https:\/\/www.zuckersuess-regensburg.de\/wp-content\/uploads\/logo_72_333333-2.png","width":596,"height":243,"caption":"Haarlos Sch\u00f6n Regensburg"},"image":{"@id":"https:\/\/www.zuckersuess-regensburg.de\/#\/schema\/logo\/image\/"}},{"@type":"Person","@id":"https:\/\/www.zuckersuess-regensburg.de\/#\/schema\/person\/898339a3de616e1d0cf71c200fdb16bc","name":"miniconny","image":{"@type":"ImageObject","inLanguage":"de","@id":"https:\/\/secure.gravatar.com\/avatar\/9732963f50a462637100cfc511ed2abee1928f087da9f0f33d73298b05dd0adc?s=96&d=blank&r=g","url":"https:\/\/secure.gravatar.com\/avatar\/9732963f50a462637100cfc511ed2abee1928f087da9f0f33d73298b05dd0adc?s=96&d=blank&r=g","contentUrl":"https:\/\/secure.gravatar.com\/avatar\/9732963f50a462637100cfc511ed2abee1928f087da9f0f33d73298b05dd0adc?s=96&d=blank&r=g","caption":"miniconny"},"url":"https:\/\/www.zuckersuess-regensburg.de\/?author=1"}]}},"_links":{"self":[{"href":"https:\/\/www.zuckersuess-regensburg.de\/index.php?rest_route=\/wp\/v2\/posts\/1837","targetHints":{"allow":["GET"]}}],"collection":[{"href":"https:\/\/www.zuckersuess-regensburg.de\/index.php?rest_route=\/wp\/v2\/posts"}],"about":[{"href":"https:\/\/www.zuckersuess-regensburg.de\/index.php?rest_route=\/wp\/v2\/types\/post"}],"author":[{"embeddable":true,"href":"https:\/\/www.zuckersuess-regensburg.de\/index.php?rest_route=\/wp\/v2\/users\/1"}],"replies":[{"embeddable":true,"href":"https:\/\/www.zuckersuess-regensburg.de\/index.php?rest_route=%2Fwp%2Fv2%2Fcomments&post=1837"}],"version-history":[{"count":4,"href":"https:\/\/www.zuckersuess-regensburg.de\/index.php?rest_route=\/wp\/v2\/posts\/1837\/revisions"}],"predecessor-version":[{"id":2008,"href":"https:\/\/www.zuckersuess-regensburg.de\/index.php?rest_route=\/wp\/v2\/posts\/1837\/revisions\/2008"}],"wp:featuredmedia":[{"embeddable":true,"href":"https:\/\/www.zuckersuess-regensburg.de\/index.php?rest_route=\/wp\/v2\/media\/1840"}],"wp:attachment":[{"href":"https:\/\/www.zuckersuess-regensburg.de\/index.php?rest_route=%2Fwp%2Fv2%2Fmedia&parent=1837"}],"wp:term":[{"taxonomy":"category","embeddable":true,"href":"https:\/\/www.zuckersuess-regensburg.de\/index.php?rest_route=%2Fwp%2Fv2%2Fcategories&post=1837"},{"taxonomy":"post_tag","embeddable":true,"href":"https:\/\/www.zuckersuess-regensburg.de\/index.php?rest_route=%2Fwp%2Fv2%2Ftags&post=1837"}],"curies":[{"name":"wp","href":"https:\/\/api.w.org\/{rel}","templated":true}]}}